{"id":7603,"date":"2021-08-21T00:13:07","date_gmt":"2021-08-20T22:13:07","guid":{"rendered":"https:\/\/filosofium.evelyne-weissenbach.at\/?p=7603"},"modified":"2021-08-21T00:13:08","modified_gmt":"2021-08-20T22:13:08","slug":"13-fragen-an-den-hausverstand","status":"publish","type":"post","link":"https:\/\/filosofium.evelyne-weissenbach.at\/?p=7603","title":{"rendered":"13 Fragen an den Hausverstand"},"content":{"rendered":"\n<p>Seltsame Gedankenmuster durchziehen die Gesellschaft. Und wie so oft, kann ich die wenigsten davon nachvollziehen. Jenseits von allen wissenschaftlichen Standpunkten f\u00fcr oder wider dieses oder jenes, und die wir alle miteinander nicht durchblicken K\u00d6NNEN, gibt es F\u00e4den, die sich durch das Geschehen ziehen, die jedem Hausverstand die Grausbirnen aufsteigen lassen. Zumindest meinem \u2026<\/p>\n\n\n\n<p>&nbsp;<\/p>\n\n\n\n<ol class=\"wp-block-list\" type=\"1\"><li>Wieso liegen die Infektionszahlen derzeit \u00fcber jenen des Vergleichszeitraums des vorigen Jahres, als die dritte Welle anlief?<br>Millionen sind geimpft! Noch mehr Millionen sind getestet. Und die Leut wurden getrackt und in Quarant\u00e4ne geschickt, wurden bis zum Stuhlgang kontrolliert, und von Lockdowns heimgesucht, usw. <br>Ergebnis? Gleich null, sogar bis minus null.<br><br><\/li><li>Voriges Jahr um diese Zeit gab es noch gar keine Geimpften.&nbsp; Also eindeutig wesentlich mehr Ungeimpfte als heuer. Wie wirkt sich die Impfung also auf das Infektionsgeschehen aus? Positiv? H\u00f6chstens im Sinne von infekti\u00f6s.<br><br><\/li><li>Wieso wird davon ausgegangen, dass Ungeimpfte sich leichter infizieren k\u00f6nnen. Wenn doch bereits offiziell zugegeben wird, dass sich Geimpfte in nahezu gleichem Ausma\u00df anstecken k\u00f6nnen?<br><br><\/li><li>Wieso wird davon ausgegangen, dass Leuten, die sich nicht impfen lassen, die Gemeinschaft egal ist? Wieso m\u00fcssen sie ihre Solidarit\u00e4t, trotz M\u00f6glichkeit gesundheitlichen Schaden zu nehmen, beweisen?<br><br><\/li><li>Wieso wird davon ausgegangen, dass Ungeimpfte automatisch die Gesellschaft gef\u00e4hrden? Liegt es denn nicht zuerst an den Lebensumst\u00e4nden derselben, bzw. wie sie sich in Gesellschaft bewegen und benehmen? Wieso sind alle automatisch Spreader? Auch wenn sie gesund sind und nur getestet unter Leute gehen, bzw. FFP2-Masken tragen?<br><br><\/li><li>Wieso ist es den Leuten egal, dass ein &#8222;Gamechanger&#8220; angek\u00fcndigt wurde. Der nun nur eine interessante, aber ziemlich uneffiziente Facette ins Game brachte aber sonst nix.<br>\nJa, selbstverst\u00e4ndlich kann man nie davon ausgehen, dass 100%ige Sicherheit erreicht werden h\u00e4tte k\u00f6nnen, aber nur 30 %? Und da noch mit der Zeit die Wirkung nachl\u00e4sst. Ist schon wenig, oder?<br><br><\/li><li>Wieso ist es f\u00fcr Geimpfte wesentlich, dass sie von Ungeimpften nicht angesteckt werden wollen. Wieso ist es ihnen aber egal, dass sie von Geimpften angesteckt werden k\u00f6nnen? Gleich und gleich gesellt sich gern, oder wie?<br><br><\/li><li>Wieso ist ein Argument gegen das Testen, dass es &#8222;nur einen momentanen Status abbildet&#8220;? Ja aber ist denn nicht genau der relevant, wenn ich eine Veranstaltung besuche oder in ein Restaurant gehe. Dass ich in diesem Augenblick nicht ansteckend bin, was man ja von einem Geimpften nicht eindeutig sagen kann.<br><br><\/li><li>Wieso kommt man nach 70 Millionen Tests zu der Entscheidung, dass der Test nicht effizient genug ist? Oder nach zig Millionen aufgezwungener Masken, dass diese anscheinend nicht die gew\u00fcnschte Wirkung erzielt haben? <br>\n<strong>Was wird man wohl nach 20 Millionen Impfungen (erster, zweiter, dritter Stich) erkennen, bzw. zugeben m\u00fcssen?<\/strong><br>Denn bereits zu Beginn der Testaktionen waren ja viele Stimmen laut, dass die Tests zu ungenau und dgl. sind. Aber damals wurde das einfach weggewischt. Es musste einfach hurtig drauflos getestet werden. Und zwar auch damals schon JEDE\/R, stand ebenfalls ein TestZWANG im Raum.<br><br><\/li><li>Es hat sich weltweit gezeigt, dass Covid keine zwingend t\u00f6dliche Krankheit ist, wie so manche andere. Die F\u00e4lle mit schwerem Verlauf stehen einer ungleich h\u00f6heren Zahl von F\u00e4llen mit mildem, sogar asymptomatischen Verl\u00e4ufen gegen\u00fcber.<br>Wie wir wissen, kann jede Krankheit schwere Verl\u00e4ufe haben. Auch ein Wespenstich.<br>Also warum winkt man dauernd mit der Fahne, auf der geschrieben steht, dass besonders die Ungeimpften &#8211; und nat\u00fcrlich diejenigen, die von UNgeimpften angesteckt werden &#8211; Todeskandidaten sind?<br><br><\/li><li>Wieso f\u00e4llt viel zu wenigen auf, dass wir nichts, aber auch schon gar nichts von Medikamenten zur Behandlung erfahren? Alles nur Impfen, Impfen, Impfen. Mir erscheint logisch, dass viel weniger Gesch\u00e4ft damit gemacht werden w\u00fcrde, wenn tats\u00e4chlich nur die Kranken behandelt w\u00fcrden. Nein?<br><br><\/li><li>Wieso wurde das Gesundheitssystem nun wieder nicht darauf vorbereitet, dass es eine neue Welle geben w\u00fcrde? Weil es einfacher und f\u00fcr die Politiker selbstbeweihr\u00e4uchernder ist, den Ungeimpften die Schuld daf\u00fcr zuzweisen?<br><br><\/li><\/ol>\n\n\n\n<p>Es gibt noch so viele Punkte, wo die Perspektiven eindeutig manipuliert sind und deshalb das naheliegende gar nicht mehr gesehen wird. Dauernd fallen mir noch welche ein, aber f\u00fcrs erste lass ich die jetzt einmal stehen. F\u00fcrs Erste erscheint mir das genug \u2026<br><br><\/p>\n\n\n\n<p><strong>Oder vielleicht doch noch eine Frage: <\/strong><br>\nWieso ist man ein\/e nichtreflektierende\/r Verschw\u00f6rungstheoretiker\/in, wenn man sich all diese Fragen stellt?<\/p>\n\n\n\n<p>&nbsp;<\/p>\n","protected":false},"excerpt":{"rendered":"<p>Seltsame Gedankenmuster durchziehen die Gesellschaft. Und wie so oft, kann ich die wenigsten davon nachvollziehen. Jenseits von allen wissenschaftlichen Standpunkten f\u00fcr oder wider dieses oder jenes, und die wir alle miteinander nicht durchblicken K\u00d6NNEN, gibt es F\u00e4den, die sich durch das Geschehen ziehen, die jedem Hausverstand die Grausbirnen aufsteigen lassen. Zumindest meinem \u2026 &nbsp; Wieso [&hellip;]<\/p>\n","protected":false},"author":1,"featured_media":0,"comment_status":"open","ping_status":"closed","sticky":false,"template":"","format":"standard","meta":{"jetpack_post_was_ever_published":false,"_jetpack_newsletter_access":"","_jetpack_dont_email_post_to_subs":false,"_jetpack_newsletter_tier_id":0,"_jetpack_memberships_contains_paywalled_content":false,"_jetpack_memberships_contains_paid_content":false,"footnotes":"","jetpack_publicize_message":"","jetpack_publicize_feature_enabled":true,"jetpack_social_post_already_shared":true,"jetpack_social_options":{"image_generator_settings":{"template":"highway","default_image_id":0,"font":"","enabled":false},"version":2}},"categories":[233,7],"tags":[1265,1281,1282,1258],"class_list":["post-7603","post","type-post","status-publish","format-standard","hentry","category-kolumne-2","category-die-wichtigkeit-des-seins","tag-coronaimpfung","tag-hausverstand","tag-infektionszahlen","tag-verschwoerungstheorie"],"jetpack_publicize_connections":[],"jetpack_featured_media_url":"","jetpack_shortlink":"https:\/\/wp.me\/p3ZwSb-1YD","jetpack_sharing_enabled":true,"jetpack_likes_enabled":true,"_links":{"self":[{"href":"https:\/\/filosofium.evelyne-weissenbach.at\/index.php?rest_route=\/wp\/v2\/posts\/7603","targetHints":{"allow":["GET"]}}],"collection":[{"href":"https:\/\/filosofium.evelyne-weissenbach.at\/index.php?rest_route=\/wp\/v2\/posts"}],"about":[{"href":"https:\/\/filosofium.evelyne-weissenbach.at\/index.php?rest_route=\/wp\/v2\/types\/post"}],"author":[{"embeddable":true,"href":"https:\/\/filosofium.evelyne-weissenbach.at\/index.php?rest_route=\/wp\/v2\/users\/1"}],"replies":[{"embeddable":true,"href":"https:\/\/filosofium.evelyne-weissenbach.at\/index.php?rest_route=%2Fwp%2Fv2%2Fcomments&post=7603"}],"version-history":[{"count":13,"href":"https:\/\/filosofium.evelyne-weissenbach.at\/index.php?rest_route=\/wp\/v2\/posts\/7603\/revisions"}],"predecessor-version":[{"id":7616,"href":"https:\/\/filosofium.evelyne-weissenbach.at\/index.php?rest_route=\/wp\/v2\/posts\/7603\/revisions\/7616"}],"wp:attachment":[{"href":"https:\/\/filosofium.evelyne-weissenbach.at\/index.php?rest_route=%2Fwp%2Fv2%2Fmedia&parent=7603"}],"wp:term":[{"taxonomy":"category","embeddable":true,"href":"https:\/\/filosofium.evelyne-weissenbach.at\/index.php?rest_route=%2Fwp%2Fv2%2Fcategories&post=7603"},{"taxonomy":"post_tag","embeddable":true,"href":"https:\/\/filosofium.evelyne-weissenbach.at\/index.php?rest_route=%2Fwp%2Fv2%2Ftags&post=7603"}],"curies":[{"name":"wp","href":"https:\/\/api.w.org\/{rel}","templated":true}]}}