{"id":7620,"date":"2021-08-21T17:39:32","date_gmt":"2021-08-21T15:39:32","guid":{"rendered":"https:\/\/filosofium.evelyne-weissenbach.at\/?p=7620"},"modified":"2021-08-21T17:39:33","modified_gmt":"2021-08-21T15:39:33","slug":"badetag","status":"publish","type":"post","link":"https:\/\/filosofium.evelyne-weissenbach.at\/?p=7620","title":{"rendered":"badetag"},"content":{"rendered":"\n<p>es k\u00fcsst die sonne<br>\nmein gesicht<br><br>\n\nwasser umschmeichelt<br>\nmeinen k\u00f6rper<br><br>\n\nflie\u00dfend bewege ich mich<br>\nschmerzfrei<br><br>\n\nkinder lachen<br>\nbademeister pfeifen<br><br>\n\nder tag schenkt<br>\nfreude pur<br><br>\n\nmeine gedanken<br>\nspringen vom trampolin<br>\nmitten ins gl\u00fcck<br><br>\n\nund baden mit mir<br>\nim bassin der liebe<\/p>\n\n\n\n\n<p>&nbsp;<\/p>\n<p>&nbsp;<\/p>\n\n\n\n<p><\/p>\n","protected":false},"excerpt":{"rendered":"<p>es k\u00fcsst die sonne mein gesicht wasser umschmeichelt meinen k\u00f6rper flie\u00dfend bewege ich mich schmerzfrei kinder lachen bademeister pfeifen der tag schenkt freude pur meine gedanken springen vom trampolin mitten ins gl\u00fcck und baden mit mir im bassin der liebe &nbsp; &nbsp;<\/p>\n","protected":false},"author":1,"featured_media":0,"comment_status":"open","ping_status":"closed","sticky":false,"template":"","format":"standard","meta":{"jetpack_post_was_ever_published":false,"_jetpack_newsletter_access":"","_jetpack_dont_email_post_to_subs":false,"_jetpack_newsletter_tier_id":0,"_jetpack_memberships_contains_paywalled_content":false,"_jetpack_memberships_contains_paid_content":false,"footnotes":"","jetpack_publicize_message":"","jetpack_publicize_feature_enabled":true,"jetpack_social_post_already_shared":true,"jetpack_social_options":{"image_generator_settings":{"template":"highway","default_image_id":0,"font":"","enabled":false},"version":2}},"categories":[9,579,12],"tags":[1285,1283,1284],"class_list":["post-7620","post","type-post","status-publish","format-standard","hentry","category-gedichte-2","category-lebensgedichte","category-in-der-umarmung-der-liebe","tag-bassin","tag-schwimmbad","tag-sonnenbad"],"jetpack_publicize_connections":[],"jetpack_featured_media_url":"","jetpack_shortlink":"https:\/\/wp.me\/s3ZwSb-badetag","jetpack_sharing_enabled":true,"jetpack_likes_enabled":true,"_links":{"self":[{"href":"https:\/\/filosofium.evelyne-weissenbach.at\/index.php?rest_route=\/wp\/v2\/posts\/7620","targetHints":{"allow":["GET"]}}],"collection":[{"href":"https:\/\/filosofium.evelyne-weissenbach.at\/index.php?rest_route=\/wp\/v2\/posts"}],"about":[{"href":"https:\/\/filosofium.evelyne-weissenbach.at\/index.php?rest_route=\/wp\/v2\/types\/post"}],"author":[{"embeddable":true,"href":"https:\/\/filosofium.evelyne-weissenbach.at\/index.php?rest_route=\/wp\/v2\/users\/1"}],"replies":[{"embeddable":true,"href":"https:\/\/filosofium.evelyne-weissenbach.at\/index.php?rest_route=%2Fwp%2Fv2%2Fcomments&post=7620"}],"version-history":[{"count":4,"href":"https:\/\/filosofium.evelyne-weissenbach.at\/index.php?rest_route=\/wp\/v2\/posts\/7620\/revisions"}],"predecessor-version":[{"id":7624,"href":"https:\/\/filosofium.evelyne-weissenbach.at\/index.php?rest_route=\/wp\/v2\/posts\/7620\/revisions\/7624"}],"wp:attachment":[{"href":"https:\/\/filosofium.evelyne-weissenbach.at\/index.php?rest_route=%2Fwp%2Fv2%2Fmedia&parent=7620"}],"wp:term":[{"taxonomy":"category","embeddable":true,"href":"https:\/\/filosofium.evelyne-weissenbach.at\/index.php?rest_route=%2Fwp%2Fv2%2Fcategories&post=7620"},{"taxonomy":"post_tag","embeddable":true,"href":"https:\/\/filosofium.evelyne-weissenbach.at\/index.php?rest_route=%2Fwp%2Fv2%2Ftags&post=7620"}],"curies":[{"name":"wp","href":"https:\/\/api.w.org\/{rel}","templated":true}]}}