{"id":7953,"date":"2021-11-15T21:33:57","date_gmt":"2021-11-15T20:33:57","guid":{"rendered":"https:\/\/filosofium.evelyne-weissenbach.at\/?p=7953"},"modified":"2021-11-15T21:33:57","modified_gmt":"2021-11-15T20:33:57","slug":"nein-meine-freiheit-kriegt-ihr-nicht-2-0","status":"publish","type":"post","link":"https:\/\/filosofium.evelyne-weissenbach.at\/?p=7953","title":{"rendered":"nein, meine freiheit kriegt ihr nicht 2.0"},"content":{"rendered":"\n<div style=\"width: 500px; text-align: justify\"><p>an dem tag an dem sie versuchten mir meine freiheit zu nehmen gaben sie sie mir.<br> \nriesige s\u00e4cke werfe ich ab. mit ballast. in denen jene zappeln dick verschn\u00fcrt. von ihren \u00e4ngsten und durch den hass den sie als \u00fcberblick zu tarnen versuchen. um ihre unf\u00e4higkeit zu verschleiern. liebe in sich zu finden. im schulterschluss zu gehen. um leben zu f\u00f6rdern. die schuldige suchen wo es keine gibt. weil der feind nicht der nachbar ist. sondern die idee ihn zu vernichten.<br>\nda sitze ich inmitten meines friedens und danke gott. dass er f\u00fcr mich die spreu vom weizen trennt. mit dem ich brot backen kann. und keine br\u00f6tchen essen muss in denen das gift g\u00e4rt. das sie in ihre welt tr\u00e4ufeln.<br>\nmeine liebe tr\u00e4gt mich. zu ihnen. weil sie mich frei macht. mich um sie zu sorgen.<\/p><\/div>\n\n\n","protected":false},"excerpt":{"rendered":"<p>an dem tag an dem sie versuchten mir meine freiheit zu nehmen gaben sie sie mir. riesige s\u00e4cke werfe ich ab. mit ballast. in denen jene zappeln dick verschn\u00fcrt. von ihren \u00e4ngsten und durch den hass den sie als \u00fcberblick zu tarnen versuchen. um ihre unf\u00e4higkeit zu verschleiern. liebe in sich zu finden. im schulterschluss [&hellip;]<\/p>\n","protected":false},"author":1,"featured_media":0,"comment_status":"open","ping_status":"closed","sticky":false,"template":"","format":"standard","meta":{"jetpack_post_was_ever_published":false,"_jetpack_newsletter_access":"","_jetpack_dont_email_post_to_subs":false,"_jetpack_newsletter_tier_id":0,"_jetpack_memberships_contains_paywalled_content":false,"_jetpack_memberships_contains_paid_content":false,"footnotes":"","jetpack_publicize_message":"","jetpack_publicize_feature_enabled":true,"jetpack_social_post_already_shared":true,"jetpack_social_options":{"image_generator_settings":{"template":"highway","default_image_id":0,"font":"","enabled":false},"version":2}},"categories":[7,579,22],"tags":[1335,648,324,1336],"class_list":["post-7953","post","type-post","status-publish","format-standard","hentry","category-die-wichtigkeit-des-seins","category-lebensgedichte","category-prosalyrik-gedichte","tag-ballast","tag-freiheit","tag-frieden","tag-schulterschluss"],"jetpack_publicize_connections":[],"jetpack_featured_media_url":"","jetpack_shortlink":"https:\/\/wp.me\/p3ZwSb-24h","jetpack_sharing_enabled":true,"jetpack_likes_enabled":true,"_links":{"self":[{"href":"https:\/\/filosofium.evelyne-weissenbach.at\/index.php?rest_route=\/wp\/v2\/posts\/7953","targetHints":{"allow":["GET"]}}],"collection":[{"href":"https:\/\/filosofium.evelyne-weissenbach.at\/index.php?rest_route=\/wp\/v2\/posts"}],"about":[{"href":"https:\/\/filosofium.evelyne-weissenbach.at\/index.php?rest_route=\/wp\/v2\/types\/post"}],"author":[{"embeddable":true,"href":"https:\/\/filosofium.evelyne-weissenbach.at\/index.php?rest_route=\/wp\/v2\/users\/1"}],"replies":[{"embeddable":true,"href":"https:\/\/filosofium.evelyne-weissenbach.at\/index.php?rest_route=%2Fwp%2Fv2%2Fcomments&post=7953"}],"version-history":[{"count":5,"href":"https:\/\/filosofium.evelyne-weissenbach.at\/index.php?rest_route=\/wp\/v2\/posts\/7953\/revisions"}],"predecessor-version":[{"id":7959,"href":"https:\/\/filosofium.evelyne-weissenbach.at\/index.php?rest_route=\/wp\/v2\/posts\/7953\/revisions\/7959"}],"wp:attachment":[{"href":"https:\/\/filosofium.evelyne-weissenbach.at\/index.php?rest_route=%2Fwp%2Fv2%2Fmedia&parent=7953"}],"wp:term":[{"taxonomy":"category","embeddable":true,"href":"https:\/\/filosofium.evelyne-weissenbach.at\/index.php?rest_route=%2Fwp%2Fv2%2Fcategories&post=7953"},{"taxonomy":"post_tag","embeddable":true,"href":"https:\/\/filosofium.evelyne-weissenbach.at\/index.php?rest_route=%2Fwp%2Fv2%2Ftags&post=7953"}],"curies":[{"name":"wp","href":"https:\/\/api.w.org\/{rel}","templated":true}]}}