{"id":822,"date":"2011-12-18T23:26:42","date_gmt":"2011-12-18T22:26:42","guid":{"rendered":"http:\/\/filosofium.wordpress.com\/?p=822"},"modified":"2011-12-18T23:26:42","modified_gmt":"2011-12-18T22:26:42","slug":"ein-ganz-besonderes-adventerlebnis","status":"publish","type":"post","link":"https:\/\/filosofium.evelyne-weissenbach.at\/?p=822","title":{"rendered":"Ein ganz besonderes Adventerlebnis"},"content":{"rendered":"<p>&nbsp;<\/p>\n<p><font size=\"3\"><br \/>\nHeute hatte ich eine weitere Weihnachtslesung im Kurhaus im Nachbarort, wo ich ja regelm\u00e4\u00dfig lese. Das sind immer ganz kuschelige Lesungen im kleinen Rahmen (10-30 Personen), die aber immer sehr  stimmungsvolle Zusammenk\u00fcnfte sind. So auch heute. Und heute waren es 15 (inkl. eines Jungen mit schwerem Down-Syndrom).<\/p>\n<p>Aber jetzt zum absoluten Highlight:<\/p>\n<p>Vor der Lesung kamen zwei Damen mit dem Jungen zu mir. Ich kann das schwer sch\u00e4tzen, aber ich w\u00fcrde sagen, er war zwischen 12 und 14 Jhre alt.<br \/>\nEin ganz armer Bursche. Sie haben mir nachher auch noch erz\u00e4hlt, was er erst die letzten Wochen durchmachen musste und dass er deshalb gerade besonders verst\u00f6rt ist. Sie versuchen gerade, ihn wieder halbwegs &#8222;ins Leben zur\u00fcckzuholen&#8220;. Er wurde schwer misshandelt und so &#8230;<\/p>\n<p>Ich traf sie im angeschlossenen Cafe und sie sagten, sie w\u00fcrden gerne zur Lesung kommen, aber es sei ihm heute schon alles zu viel. Er sei extrem unruhig.<br \/>\nIch sagte dann: Aber versuchen sie es doch einfach. Wenn es nicht geht, dann k\u00f6nnen sie doch jederzeit hinausgehen. Mir macht das nichts.<\/p>\n<p>Sie kamen dann in den Lesungsraum, um mir zu sagen, dass sie nun doch nicht k\u00e4men, weil er bereits herumzuschreien begonnen hatte.<\/p>\n<p>Ich wieder: Das ist schade, aber wie immer sie sich entscheiden. Wenn sie es versuchen wollen, ich bin sofort daf\u00fcr! <\/p>\n<p>Sie gingen mit ihm ein bisschen spazieren und kamen dann. Es lie\u00df sich schwierig an, er wollte schon gar nicht bei der T\u00fcr herein und er war w\u00e4hrend der erste Texte wirklich extrem unruhig. Er schrie zwar nicht, aber er gab dauernd irgendwelche Ger\u00e4usche von sich und war auch sitzunruhig.<\/p>\n<p>Ich las konzentriert und unbeeindruckt &#8211; einfach wie immer. Und konnte die Leute auch gut mitnehmen, so dass er auch f\u00fcr sie nicht allzu &#8222;st\u00f6rend&#8220; war.<\/p>\n<p>Dazwischen l\u00e4chelte ich ihn auch immer an und hatte Augenkontakt mit ihm &#8211; er sa\u00df in der zweiten Reihe, mir genau gegen\u00fcber. Und pl\u00f6tzlich, so nach dem 3.\/4. Text &#8211; als dann auch die ersten gereimten Texte kamen &#8211; wurde er immer ruhiger! Die zweite H\u00e4lfte h\u00f6rte man von ihm nicht einen Mucks!<\/p>\n<p>Mutter und Gro\u00dfmutter, die ihn begleiteten, sagten nachher, meine Lesung und meine Stimme, und mit Sicherheit auch die Emotion, mit der ich las, haben ihn einfach angesprochen und beruhigt.<\/p>\n<p>Ich glaube nicht, dass ich schon jemals bei einer Lesung etwas Sch\u00f6neres erlebt habe!<\/p>\n<p>Ich habe dann nachher auch mit ihm &#8222;gesprochen&#8220;. Er kann sich zwar nicht mit Worten artikulieren, aber er mochte mich merkbar und wir haben miteinander gelacht. Sie kauften ihm dann ein Buch und ich habe es extra f\u00fcr ihn mit seinem Namen signiert. Das lie\u00df er dann nicht mehr aus den H\u00e4nden &#8230;<\/p>\n<p>Ich schwebe noch immer &#8230;<br \/>\nEs war ein \u00fcberw\u00e4ltigendes Erlebnis,  dass ich mit meiner Stimme, meiner Art zu lesen, offensichtlich Menschen erreichen kann, die Worte als Begriffe nicht verstehen.<\/p>\n<p>Ach ja, und noch etwas: Alle Anwesenden waren ebenso fasziniert und fanden, dass dies ein ganz besonderes Erlebnis auch f\u00fcr sie war!<br \/>\n<\/font><\/p>\n<p>&nbsp;<\/p>\n","protected":false},"excerpt":{"rendered":"<p>&nbsp; Heute hatte ich eine weitere Weihnachtslesung im Kurhaus im Nachbarort, wo ich ja regelm\u00e4\u00dfig lese. Das sind immer ganz kuschelige Lesungen im kleinen Rahmen (10-30 Personen), die aber immer sehr stimmungsvolle Zusammenk\u00fcnfte sind. So auch heute. Und heute waren es 15 (inkl. eines Jungen mit schwerem Down-Syndrom). Aber jetzt zum absoluten Highlight: Vor der [&hellip;]<\/p>\n","protected":false},"author":2,"featured_media":0,"comment_status":"open","ping_status":"open","sticky":false,"template":"","format":"standard","meta":{"jetpack_post_was_ever_published":false,"_jetpack_newsletter_access":"","_jetpack_dont_email_post_to_subs":false,"_jetpack_newsletter_tier_id":0,"_jetpack_memberships_contains_paywalled_content":false,"_jetpack_memberships_contains_paid_content":false,"footnotes":"","jetpack_publicize_message":"","jetpack_publicize_feature_enabled":true,"jetpack_social_post_already_shared":false,"jetpack_social_options":{"image_generator_settings":{"template":"highway","default_image_id":0,"font":"","enabled":false},"version":2}},"categories":[7,241],"tags":[39,41,42,131,209,213,215,218],"class_list":["post-822","post","type-post","status-publish","format-standard","hentry","category-die-wichtigkeit-des-seins","category-weihnachten-und-neujahr","tag-advent","tag-adventgeschichte","tag-adventlesung","tag-literatur","tag-weihnachten-2","tag-weihnachtsgeschichte","tag-weihnachtslesung","tag-weihnachtstexte"],"jetpack_publicize_connections":[],"jetpack_featured_media_url":"","jetpack_shortlink":"https:\/\/wp.me\/p3ZwSb-dg","jetpack_sharing_enabled":true,"jetpack_likes_enabled":true,"_links":{"self":[{"href":"https:\/\/filosofium.evelyne-weissenbach.at\/index.php?rest_route=\/wp\/v2\/posts\/822","targetHints":{"allow":["GET"]}}],"collection":[{"href":"https:\/\/filosofium.evelyne-weissenbach.at\/index.php?rest_route=\/wp\/v2\/posts"}],"about":[{"href":"https:\/\/filosofium.evelyne-weissenbach.at\/index.php?rest_route=\/wp\/v2\/types\/post"}],"author":[{"embeddable":true,"href":"https:\/\/filosofium.evelyne-weissenbach.at\/index.php?rest_route=\/wp\/v2\/users\/2"}],"replies":[{"embeddable":true,"href":"https:\/\/filosofium.evelyne-weissenbach.at\/index.php?rest_route=%2Fwp%2Fv2%2Fcomments&post=822"}],"version-history":[{"count":0,"href":"https:\/\/filosofium.evelyne-weissenbach.at\/index.php?rest_route=\/wp\/v2\/posts\/822\/revisions"}],"wp:attachment":[{"href":"https:\/\/filosofium.evelyne-weissenbach.at\/index.php?rest_route=%2Fwp%2Fv2%2Fmedia&parent=822"}],"wp:term":[{"taxonomy":"category","embeddable":true,"href":"https:\/\/filosofium.evelyne-weissenbach.at\/index.php?rest_route=%2Fwp%2Fv2%2Fcategories&post=822"},{"taxonomy":"post_tag","embeddable":true,"href":"https:\/\/filosofium.evelyne-weissenbach.at\/index.php?rest_route=%2Fwp%2Fv2%2Ftags&post=822"}],"curies":[{"name":"wp","href":"https:\/\/api.w.org\/{rel}","templated":true}]}}