{"id":8470,"date":"2023-03-30T20:48:00","date_gmt":"2023-03-30T18:48:00","guid":{"rendered":"https:\/\/filosofium.evelyne-weissenbach.at\/?p=8470"},"modified":"2023-03-30T20:48:01","modified_gmt":"2023-03-30T18:48:01","slug":"der-mandel-gruss","status":"publish","type":"post","link":"https:\/\/filosofium.evelyne-weissenbach.at\/?p=8470","title":{"rendered":"der mandel gru\u00df"},"content":{"rendered":"\n<p>noch sch\u00fcchtern<br>\nblinzelt die mandel<br>\n\u00fcber die nackten reben<br><br>\n\nich l\u00e4chle ihr zu<br>\nund sie erz\u00e4hlt mir<br>\nvom nahenden fr\u00fchling<\/p>\n<p>&nbsp;<\/p>\n<p><img decoding=\"async\" src=\"http:\/\/filosofium.evelyne-weissenbach.at\/wp-content\/uploads\/2020\/03\/58w_135009.jpg\" width=\"580\" title=\"mandelgruss\" alt=\"mandelgruss\"><\/p>\n<p>&nbsp;<\/p>\n\n\n\n<p>&nbsp;<\/p>\n","protected":false},"excerpt":{"rendered":"<p>noch sch\u00fcchtern blinzelt die mandel \u00fcber die nackten reben ich l\u00e4chle ihr zu und sie erz\u00e4hlt mir vom nahenden fr\u00fchling &nbsp; &nbsp;<\/p>\n","protected":false},"author":1,"featured_media":0,"comment_status":"open","ping_status":"closed","sticky":false,"template":"","format":"standard","meta":{"jetpack_post_was_ever_published":false,"_jetpack_newsletter_access":"","_jetpack_dont_email_post_to_subs":false,"_jetpack_newsletter_tier_id":0,"_jetpack_memberships_contains_paywalled_content":false,"_jetpack_memberships_contains_paid_content":false,"footnotes":"","jetpack_publicize_message":"","jetpack_publicize_feature_enabled":true,"jetpack_social_post_already_shared":true,"jetpack_social_options":{"image_generator_settings":{"template":"highway","default_image_id":0,"font":"","enabled":false},"version":2}},"categories":[9,244],"tags":[89,386,840,1432],"class_list":["post-8470","post","type-post","status-publish","format-standard","hentry","category-gedichte-2","category-neue-heimatgedichte","tag-fruhling","tag-lenz","tag-mandelbaum","tag-mandelzwei"],"jetpack_publicize_connections":[],"jetpack_featured_media_url":"","jetpack_shortlink":"https:\/\/wp.me\/p3ZwSb-2cC","jetpack_sharing_enabled":true,"jetpack_likes_enabled":true,"_links":{"self":[{"href":"https:\/\/filosofium.evelyne-weissenbach.at\/index.php?rest_route=\/wp\/v2\/posts\/8470","targetHints":{"allow":["GET"]}}],"collection":[{"href":"https:\/\/filosofium.evelyne-weissenbach.at\/index.php?rest_route=\/wp\/v2\/posts"}],"about":[{"href":"https:\/\/filosofium.evelyne-weissenbach.at\/index.php?rest_route=\/wp\/v2\/types\/post"}],"author":[{"embeddable":true,"href":"https:\/\/filosofium.evelyne-weissenbach.at\/index.php?rest_route=\/wp\/v2\/users\/1"}],"replies":[{"embeddable":true,"href":"https:\/\/filosofium.evelyne-weissenbach.at\/index.php?rest_route=%2Fwp%2Fv2%2Fcomments&post=8470"}],"version-history":[{"count":2,"href":"https:\/\/filosofium.evelyne-weissenbach.at\/index.php?rest_route=\/wp\/v2\/posts\/8470\/revisions"}],"predecessor-version":[{"id":8473,"href":"https:\/\/filosofium.evelyne-weissenbach.at\/index.php?rest_route=\/wp\/v2\/posts\/8470\/revisions\/8473"}],"wp:attachment":[{"href":"https:\/\/filosofium.evelyne-weissenbach.at\/index.php?rest_route=%2Fwp%2Fv2%2Fmedia&parent=8470"}],"wp:term":[{"taxonomy":"category","embeddable":true,"href":"https:\/\/filosofium.evelyne-weissenbach.at\/index.php?rest_route=%2Fwp%2Fv2%2Fcategories&post=8470"},{"taxonomy":"post_tag","embeddable":true,"href":"https:\/\/filosofium.evelyne-weissenbach.at\/index.php?rest_route=%2Fwp%2Fv2%2Ftags&post=8470"}],"curies":[{"name":"wp","href":"https:\/\/api.w.org\/{rel}","templated":true}]}}