{"id":849,"date":"2011-12-28T00:00:52","date_gmt":"2011-12-27T23:00:52","guid":{"rendered":"http:\/\/filosofium.wordpress.com\/?p=849"},"modified":"2011-12-28T00:00:52","modified_gmt":"2011-12-27T23:00:52","slug":"handwerk-dementia-poetry","status":"publish","type":"post","link":"https:\/\/filosofium.evelyne-weissenbach.at\/?p=849","title":{"rendered":"Dementia-Poetry &#8211; Handwerkliches"},"content":{"rendered":"<p>\n<font size=\"3\"><br \/>\nIch stellte mir ein handwerkliches Grundger\u00fcst auf.<br \/>\nEs geht mir darum, dass diese Menschen nicht so leicht mit S\u00e4tzen zu erreichen sind. Da sie auch oft Begriffe nicht mehr richtig zuordnen, kann man also nicht \u00fcber den Inhalt an sie heran.<\/p>\n<p>Es ist wichtig, in ihnen etwas zum Klingen zu bringen. Sei es durch einzelne Worte, die Erinnerung hervorrufen oder Schwingungen in ihnen ausl\u00f6sen. Durch Klang oder Rhythmus, oder Intensit\u00e4t der Wiederholung.<br \/>\nEin Sing-Sang w\u00e4re gut, aber nat\u00fcrlich m\u00f6chte ich nicht LaLeLu oder Tralala verwenden.<\/p>\n<p>Also denke ich, die richtigen Ingredienzien w\u00e4ren<\/p>\n<p>\u2022 Einzelne bekannte Begriffe aus dem Alltag<br \/>\n\u2022 nach M\u00f6glichkeit aus einem Alltag vor vielen Jahrzehnten<br \/>\n\u2022 Wiederholungen<br \/>\n\u2022 Klangbilder<br \/>\n\u2022 Auch sollte viel Raum bleiben, um den H\u00f6rern Zeit zu geben, die Worte anzunehmen, sie zuzuordnen, um sie dann in der Wiederholung wieder zu erkennen<br \/>\n\u2022 Der Inhalt sollte sich auf jeden Fall auf ein Erwachsenenleben beziehen<br \/>\n\u2022 Die Texte sollten so einfach vorzulesen sein, dass sie jeder vortragen kann &#8211; vornehmlich Angeh\u00f6rige. Einfach einen Rhythmus ergeben, um sich dem H\u00f6rer widmen zu k\u00f6nnen, nicht dem Vortrag.<\/li>\n<p>F\u00fcr eine \u00f6ffentliche Lesung g\u00e4be es nat\u00fcrlich noch besondere Punkte zu beachten.<br \/>\n\u2022 Nicht von einem Standort aus lesen, sondern auf die Leute einzeln zugehen, sie direkt ansprechen<br \/>\n\u2022 Blickkontakt suchen<br \/>\n\u2022 Eventuell mit Bewegungen oder auch Gegenst\u00e4nden unterst\u00fctzen<\/p>\n<p>Ja, und nun will ich einmal schauen, was aus meiner Idee wird. Werde ein bisschen herumexperimentieren.<\/p>\n<p><strong>Und &#8211; bin f\u00fcr Anregungen sehr dankbar!<\/strong><\/p>\n<p>Wenn jemand eine Idee hat f\u00fcr Begriffe, die ansprechen k\u00f6nnten, oder auch, wenn noch etwas wichtig erscheint, um verst\u00e4ndlicher zu werden.<br \/>\nOder auch wenn jemand einen Link wei\u00df, wo es doch Texte f\u00fcr Demenzkranke gibt. Vielleicht habe ich ja nur nicht gut genug gesucht &#8230;<\/p>\n<p>Da w\u00fcrde ich mich sehr dar\u00fcber freuen und danke schon im voraus daf\u00fcr!<\/p>\n<p><\/font><\/p>\n<p>&nbsp;<\/p>\n","protected":false},"excerpt":{"rendered":"<p>Ich stellte mir ein handwerkliches Grundger\u00fcst auf. Es geht mir darum, dass diese Menschen nicht so leicht mit S\u00e4tzen zu erreichen sind. Da sie auch oft Begriffe nicht mehr richtig zuordnen, kann man also nicht \u00fcber den Inhalt an sie heran. Es ist wichtig, in ihnen etwas zum Klingen zu bringen. Sei es durch einzelne [&hellip;]<\/p>\n","protected":false},"author":2,"featured_media":0,"comment_status":"open","ping_status":"open","sticky":false,"template":"","format":"standard","meta":{"jetpack_post_was_ever_published":false,"_jetpack_newsletter_access":"","_jetpack_dont_email_post_to_subs":false,"_jetpack_newsletter_tier_id":0,"_jetpack_memberships_contains_paywalled_content":false,"_jetpack_memberships_contains_paid_content":false,"footnotes":"","jetpack_publicize_message":"","jetpack_publicize_feature_enabled":true,"jetpack_social_post_already_shared":false,"jetpack_social_options":{"image_generator_settings":{"template":"highway","default_image_id":0,"font":"","enabled":false},"version":2}},"categories":[33,5],"tags":[49,64,65,73,74,77,91,112,120,131,133,161,164,169,170,181,182,184,202],"class_list":["post-849","post","type-post","status-publish","format-standard","hentry","category-allgemeines","category-dementia-poetry-2","tag-alzheimer","tag-bewusstmachung","tag-bewusstsein","tag-defizite","tag-dementia","tag-demenz","tag-gedichte","tag-kolumne","tag-lebenshilfe","tag-literatur","tag-lyrik","tag-philosophie","tag-poetry","tag-psychologie","tag-psychologisches-training","tag-selbsterkenntnis","tag-selbsthilfe","tag-selbstliebe","tag-vergesslichkeit"],"jetpack_publicize_connections":[],"jetpack_featured_media_url":"","jetpack_shortlink":"https:\/\/wp.me\/p3ZwSb-dH","jetpack_sharing_enabled":true,"jetpack_likes_enabled":true,"_links":{"self":[{"href":"https:\/\/filosofium.evelyne-weissenbach.at\/index.php?rest_route=\/wp\/v2\/posts\/849","targetHints":{"allow":["GET"]}}],"collection":[{"href":"https:\/\/filosofium.evelyne-weissenbach.at\/index.php?rest_route=\/wp\/v2\/posts"}],"about":[{"href":"https:\/\/filosofium.evelyne-weissenbach.at\/index.php?rest_route=\/wp\/v2\/types\/post"}],"author":[{"embeddable":true,"href":"https:\/\/filosofium.evelyne-weissenbach.at\/index.php?rest_route=\/wp\/v2\/users\/2"}],"replies":[{"embeddable":true,"href":"https:\/\/filosofium.evelyne-weissenbach.at\/index.php?rest_route=%2Fwp%2Fv2%2Fcomments&post=849"}],"version-history":[{"count":0,"href":"https:\/\/filosofium.evelyne-weissenbach.at\/index.php?rest_route=\/wp\/v2\/posts\/849\/revisions"}],"wp:attachment":[{"href":"https:\/\/filosofium.evelyne-weissenbach.at\/index.php?rest_route=%2Fwp%2Fv2%2Fmedia&parent=849"}],"wp:term":[{"taxonomy":"category","embeddable":true,"href":"https:\/\/filosofium.evelyne-weissenbach.at\/index.php?rest_route=%2Fwp%2Fv2%2Fcategories&post=849"},{"taxonomy":"post_tag","embeddable":true,"href":"https:\/\/filosofium.evelyne-weissenbach.at\/index.php?rest_route=%2Fwp%2Fv2%2Ftags&post=849"}],"curies":[{"name":"wp","href":"https:\/\/api.w.org\/{rel}","templated":true}]}}