{"id":8800,"date":"2025-06-22T15:14:35","date_gmt":"2025-06-22T13:14:35","guid":{"rendered":"https:\/\/filosofium.evelyne-weissenbach.at\/?p=8800"},"modified":"2025-06-22T15:20:52","modified_gmt":"2025-06-22T13:20:52","slug":"la-isla-bonita","status":"publish","type":"post","link":"https:\/\/filosofium.evelyne-weissenbach.at\/?p=8800","title":{"rendered":"la isla bonita"},"content":{"rendered":"\n<p>ich f\u00fchle mich <br>\nwie eine insel<br>\nliege inmitten<br>\neines meeres der ruhe<br><br>\n\n\u00fcber mir<br>\nund um mich herum<br>\nnur vogelgezwitscher<br><br>\n\nund w\u00e4re nicht<br>\ndas gurren einer einsamen taube<br>\ng\u00e4be es nur harmonien<br><br>\n\nfrieden umschlie\u00dft mich<br>\nfrieden<br>\nder ein paar meter weiter<br>\nwohl nicht mehr ist<br><br>\n\nwer bin ich<br>\ndass gott <br>\nmir diese gnade schenkt<\/p>\n<p>&nbsp;<\/p>\n<p>&nbsp;<\/p>\n\n","protected":false},"excerpt":{"rendered":"<p>ich f\u00fchle mich wie eine insel liege inmitten eines meeres der ruhe \u00fcber mir und um mich herum nur vogelgezwitscher und w\u00e4re nicht das gurren einer einsamen taube g\u00e4be es nur harmonien frieden umschlie\u00dft mich frieden der ein paar meter weiter wohl nicht mehr ist wer bin ich dass gott mir diese gnade schenkt &nbsp; [&hellip;]<\/p>\n","protected":false},"author":1,"featured_media":0,"comment_status":"open","ping_status":"closed","sticky":false,"template":"","format":"standard","meta":{"jetpack_post_was_ever_published":false,"_jetpack_newsletter_access":"","_jetpack_dont_email_post_to_subs":false,"_jetpack_newsletter_tier_id":0,"_jetpack_memberships_contains_paywalled_content":false,"_jetpack_memberships_contains_paid_content":false,"footnotes":"","jetpack_publicize_message":"","jetpack_publicize_feature_enabled":true,"jetpack_social_post_already_shared":false,"jetpack_social_options":{"image_generator_settings":{"template":"highway","default_image_id":0,"enabled":false},"version":2}},"categories":[9,579],"tags":[731,324,1372,1486,133,1487,206,1488],"class_list":["post-8800","post","type-post","status-publish","format-standard","hentry","category-gedichte-2","category-lebensgedichte","tag-demut","tag-frieden","tag-gnade","tag-insel","tag-lyrik","tag-ruhe","tag-verse","tag-vogelgezwitscher"],"jetpack_publicize_connections":[],"jetpack_featured_media_url":"","jetpack_shortlink":"https:\/\/wp.me\/p3ZwSb-2hW","jetpack_sharing_enabled":true,"jetpack_likes_enabled":true,"_links":{"self":[{"href":"https:\/\/filosofium.evelyne-weissenbach.at\/index.php?rest_route=\/wp\/v2\/posts\/8800","targetHints":{"allow":["GET"]}}],"collection":[{"href":"https:\/\/filosofium.evelyne-weissenbach.at\/index.php?rest_route=\/wp\/v2\/posts"}],"about":[{"href":"https:\/\/filosofium.evelyne-weissenbach.at\/index.php?rest_route=\/wp\/v2\/types\/post"}],"author":[{"embeddable":true,"href":"https:\/\/filosofium.evelyne-weissenbach.at\/index.php?rest_route=\/wp\/v2\/users\/1"}],"replies":[{"embeddable":true,"href":"https:\/\/filosofium.evelyne-weissenbach.at\/index.php?rest_route=%2Fwp%2Fv2%2Fcomments&post=8800"}],"version-history":[{"count":2,"href":"https:\/\/filosofium.evelyne-weissenbach.at\/index.php?rest_route=\/wp\/v2\/posts\/8800\/revisions"}],"predecessor-version":[{"id":8803,"href":"https:\/\/filosofium.evelyne-weissenbach.at\/index.php?rest_route=\/wp\/v2\/posts\/8800\/revisions\/8803"}],"wp:attachment":[{"href":"https:\/\/filosofium.evelyne-weissenbach.at\/index.php?rest_route=%2Fwp%2Fv2%2Fmedia&parent=8800"}],"wp:term":[{"taxonomy":"category","embeddable":true,"href":"https:\/\/filosofium.evelyne-weissenbach.at\/index.php?rest_route=%2Fwp%2Fv2%2Fcategories&post=8800"},{"taxonomy":"post_tag","embeddable":true,"href":"https:\/\/filosofium.evelyne-weissenbach.at\/index.php?rest_route=%2Fwp%2Fv2%2Ftags&post=8800"}],"curies":[{"name":"wp","href":"https:\/\/api.w.org\/{rel}","templated":true}]}}