{"id":8822,"date":"2025-07-08T15:48:13","date_gmt":"2025-07-08T13:48:13","guid":{"rendered":"https:\/\/filosofium.evelyne-weissenbach.at\/?p=8822"},"modified":"2025-07-08T15:48:15","modified_gmt":"2025-07-08T13:48:15","slug":"in-den-seilen-meines-alters","status":"publish","type":"post","link":"https:\/\/filosofium.evelyne-weissenbach.at\/?p=8822","title":{"rendered":"in den seilen meines alters"},"content":{"rendered":"\n<p>an diesen tagen<br>\nwo die freiheit in mir aufploppt<br>\nwie popcorn<br><br>\n\nmein leben schwingt<br>\nin den seilen<br>\n&#8211; die vom himmel fielen &#8211;<br>\n\u00fcber dem schlamm<br>\nin dem es manchmal<br>\nzu versinken droht<br><br>\n\nan diesen tagen<br>\nschwappt die lebensfreude<br>\n\u00fcber mich<br>\nund die dankbarkeit begr\u00fc\u00dft<br>\ndie vielzahl meiner jahre<br>\n<\/p>\n<p>&nbsp;<\/p>\n<p>&nbsp;<\/p>\n\n\n\n<p><\/p>\n","protected":false},"excerpt":{"rendered":"<p>an diesen tagen wo die freiheit in mir aufploppt wie popcorn mein leben schwingt in den seilen &#8211; die vom himmel fielen &#8211; \u00fcber dem schlamm in dem es manchmal zu versinken droht an diesen tagen schwappt die lebensfreude \u00fcber mich und die dankbarkeit begr\u00fc\u00dft die vielzahl meiner jahre &nbsp; &nbsp;<\/p>\n","protected":false},"author":1,"featured_media":0,"comment_status":"open","ping_status":"closed","sticky":false,"template":"","format":"standard","meta":{"jetpack_post_was_ever_published":false,"_jetpack_newsletter_access":"","_jetpack_dont_email_post_to_subs":false,"_jetpack_newsletter_tier_id":0,"_jetpack_memberships_contains_paywalled_content":false,"_jetpack_memberships_contains_paid_content":false,"footnotes":"","jetpack_publicize_message":"","jetpack_publicize_feature_enabled":true,"jetpack_social_post_already_shared":false,"jetpack_social_options":{"image_generator_settings":{"template":"highway","default_image_id":0,"enabled":false},"version":2}},"categories":[1],"tags":[],"class_list":["post-8822","post","type-post","status-publish","format-standard","hentry","category-allgemein"],"jetpack_publicize_connections":[],"jetpack_featured_media_url":"","jetpack_shortlink":"https:\/\/wp.me\/p3ZwSb-2ii","jetpack_sharing_enabled":true,"jetpack_likes_enabled":true,"_links":{"self":[{"href":"https:\/\/filosofium.evelyne-weissenbach.at\/index.php?rest_route=\/wp\/v2\/posts\/8822","targetHints":{"allow":["GET"]}}],"collection":[{"href":"https:\/\/filosofium.evelyne-weissenbach.at\/index.php?rest_route=\/wp\/v2\/posts"}],"about":[{"href":"https:\/\/filosofium.evelyne-weissenbach.at\/index.php?rest_route=\/wp\/v2\/types\/post"}],"author":[{"embeddable":true,"href":"https:\/\/filosofium.evelyne-weissenbach.at\/index.php?rest_route=\/wp\/v2\/users\/1"}],"replies":[{"embeddable":true,"href":"https:\/\/filosofium.evelyne-weissenbach.at\/index.php?rest_route=%2Fwp%2Fv2%2Fcomments&post=8822"}],"version-history":[{"count":2,"href":"https:\/\/filosofium.evelyne-weissenbach.at\/index.php?rest_route=\/wp\/v2\/posts\/8822\/revisions"}],"predecessor-version":[{"id":8824,"href":"https:\/\/filosofium.evelyne-weissenbach.at\/index.php?rest_route=\/wp\/v2\/posts\/8822\/revisions\/8824"}],"wp:attachment":[{"href":"https:\/\/filosofium.evelyne-weissenbach.at\/index.php?rest_route=%2Fwp%2Fv2%2Fmedia&parent=8822"}],"wp:term":[{"taxonomy":"category","embeddable":true,"href":"https:\/\/filosofium.evelyne-weissenbach.at\/index.php?rest_route=%2Fwp%2Fv2%2Fcategories&post=8822"},{"taxonomy":"post_tag","embeddable":true,"href":"https:\/\/filosofium.evelyne-weissenbach.at\/index.php?rest_route=%2Fwp%2Fv2%2Ftags&post=8822"}],"curies":[{"name":"wp","href":"https:\/\/api.w.org\/{rel}","templated":true}]}}