{"id":9013,"date":"2025-11-16T22:06:45","date_gmt":"2025-11-16T21:06:45","guid":{"rendered":"https:\/\/filosofium.evelyne-weissenbach.at\/?p=9013"},"modified":"2025-11-16T22:06:46","modified_gmt":"2025-11-16T21:06:46","slug":"herbstblick-2","status":"publish","type":"post","link":"https:\/\/filosofium.evelyne-weissenbach.at\/?p=9013","title":{"rendered":"herbstblick"},"content":{"rendered":"\n<div><img decoding=\"async\" src=\"https:\/\/filosofium.evelyne-weissenbach.at\/wp-content\/uploads\/2025\/11\/01_20251028_163507600x204.jpg\" title=\"herbstblick\" alt=\"herbstblick\" width=\"600\"><\/div>\n<p>&nbsp;<\/p>\n<p>die zeit ist meine freundin.<br> \nbleibt mir auch von tag zu tag weniger<br>\nso gibt sie mir doch von tag zu tag immer mehr.<br> \nsie nimmt mir die verschwendung und schenkt mir das verschwenderische.<br>\nich habe keine zeit mehr f\u00fcr den tanz der eitelkeiten und den stillstand auf dem berg des hasses, die mir die endlosgaukler in den schritt werfen wollen.<br>\ndie tangowiege ist meine bewegung, geschmiegt an dich. <br>\nich habe keine zeit mehr f\u00fcr neidgenossen und ausgrenzer, flachgeister und parolentrinker.<br>\ndoch habe ich vielmehr zeit f\u00fcr menschen, deren licht ich nicht mehr unter ihren scheffel stelle. f\u00fcr menschen, die in die weisheit meiner seele lachen. f\u00fcr worte die uns berauschen, weil sie die liebe von unseren lippen tropfen. <br>\ndie sinnlichkeit des herbstes legt mir nahe, die intensit\u00e4t der reife zu ernten. <br>\nes sind nicht die \u00fcberschriften, die mir das leben zeigen, wie es ist.<br>\ndie wege laufen durch die alleen der menschlichkeit, dort bl\u00fchen inhalte, die gemeinschaft bilden, w\u00e4chst die freude an der welt.<br>\nkeine zeit ist zu wenig, um sie zu gehen. <br>\ndenn sie gibt immer. und ihre freundschaft macht das leben lebenswert.\n<\/p><p>&nbsp;<\/p>\n","protected":false},"excerpt":{"rendered":"<p>&nbsp; die zeit ist meine freundin. bleibt mir auch von tag zu tag weniger so gibt sie mir doch von tag zu tag immer mehr. sie nimmt mir die verschwendung und schenkt mir das verschwenderische. ich habe keine zeit mehr f\u00fcr den tanz der eitelkeiten und den stillstand auf dem berg des hasses, die mir [&hellip;]<\/p>\n","protected":false},"author":1,"featured_media":0,"comment_status":"open","ping_status":"closed","sticky":false,"template":"","format":"standard","meta":{"jetpack_post_was_ever_published":false,"_jetpack_newsletter_access":"","_jetpack_dont_email_post_to_subs":false,"_jetpack_newsletter_tier_id":0,"_jetpack_memberships_contains_paywalled_content":false,"_jetpack_memberships_contains_paid_content":false,"footnotes":"","jetpack_publicize_message":"","jetpack_publicize_feature_enabled":true,"jetpack_social_post_already_shared":true,"jetpack_social_options":{"image_generator_settings":{"template":"highway","default_image_id":0,"font":"","enabled":false},"version":2}},"categories":[9,22],"tags":[91,346,133,168,206],"class_list":["post-9013","post","type-post","status-publish","format-standard","hentry","category-gedichte-2","category-prosalyrik-gedichte","tag-gedichte","tag-herbst","tag-lyrik","tag-prosalyrik","tag-verse"],"jetpack_publicize_connections":[],"jetpack_featured_media_url":"","jetpack_shortlink":"https:\/\/wp.me\/p3ZwSb-2ln","jetpack_sharing_enabled":true,"jetpack_likes_enabled":true,"_links":{"self":[{"href":"https:\/\/filosofium.evelyne-weissenbach.at\/index.php?rest_route=\/wp\/v2\/posts\/9013","targetHints":{"allow":["GET"]}}],"collection":[{"href":"https:\/\/filosofium.evelyne-weissenbach.at\/index.php?rest_route=\/wp\/v2\/posts"}],"about":[{"href":"https:\/\/filosofium.evelyne-weissenbach.at\/index.php?rest_route=\/wp\/v2\/types\/post"}],"author":[{"embeddable":true,"href":"https:\/\/filosofium.evelyne-weissenbach.at\/index.php?rest_route=\/wp\/v2\/users\/1"}],"replies":[{"embeddable":true,"href":"https:\/\/filosofium.evelyne-weissenbach.at\/index.php?rest_route=%2Fwp%2Fv2%2Fcomments&post=9013"}],"version-history":[{"count":4,"href":"https:\/\/filosofium.evelyne-weissenbach.at\/index.php?rest_route=\/wp\/v2\/posts\/9013\/revisions"}],"predecessor-version":[{"id":9019,"href":"https:\/\/filosofium.evelyne-weissenbach.at\/index.php?rest_route=\/wp\/v2\/posts\/9013\/revisions\/9019"}],"wp:attachment":[{"href":"https:\/\/filosofium.evelyne-weissenbach.at\/index.php?rest_route=%2Fwp%2Fv2%2Fmedia&parent=9013"}],"wp:term":[{"taxonomy":"category","embeddable":true,"href":"https:\/\/filosofium.evelyne-weissenbach.at\/index.php?rest_route=%2Fwp%2Fv2%2Fcategories&post=9013"},{"taxonomy":"post_tag","embeddable":true,"href":"https:\/\/filosofium.evelyne-weissenbach.at\/index.php?rest_route=%2Fwp%2Fv2%2Ftags&post=9013"}],"curies":[{"name":"wp","href":"https:\/\/api.w.org\/{rel}","templated":true}]}}