{"id":9090,"date":"2026-01-17T11:39:15","date_gmt":"2026-01-17T10:39:15","guid":{"rendered":"https:\/\/filosofium.evelyne-weissenbach.at\/?p=9090"},"modified":"2026-04-22T18:22:22","modified_gmt":"2026-04-22T16:22:22","slug":"das-glueck-im-nichts","status":"publish","type":"post","link":"https:\/\/filosofium.evelyne-weissenbach.at\/?p=9090","title":{"rendered":"das gl\u00fcck im nichts"},"content":{"rendered":"\n<p>wenn mich\ndas gl\u00fcck <br>aus dem nichts anl\u00e4chelt<br><br>\nwei\u00df ich<br>\ndass du es mir gibst<br>\n<\/p>\n<p>&nbsp;<\/p>\n<p>&nbsp;<\/p>\n","protected":false},"excerpt":{"rendered":"<p>wenn mich das gl\u00fcck aus dem nichts anl\u00e4chelt wei\u00df ich dass du es mir gibst &nbsp; &nbsp;<\/p>\n","protected":false},"author":1,"featured_media":0,"comment_status":"open","ping_status":"closed","sticky":false,"template":"","format":"standard","meta":{"jetpack_post_was_ever_published":false,"_jetpack_newsletter_access":"","_jetpack_dont_email_post_to_subs":false,"_jetpack_newsletter_tier_id":0,"_jetpack_memberships_contains_paywalled_content":false,"_jetpack_memberships_contains_paid_content":false,"footnotes":"","jetpack_publicize_message":"","jetpack_publicize_feature_enabled":true,"jetpack_social_post_already_shared":true,"jetpack_social_options":{"image_generator_settings":{"template":"highway","default_image_id":0,"font":"","enabled":false},"version":2}},"categories":[9,1531,911,15],"tags":[91,692,129,133,206],"class_list":["post-9090","post","type-post","status-publish","format-standard","hentry","category-gedichte-2","category-26-tagebuchgedichte","category-kurzlyrik","category-liebesgedichte-gedichte","tag-gedichte","tag-glueck","tag-liebeslyrik","tag-lyrik","tag-verse"],"jetpack_publicize_connections":[],"jetpack_featured_media_url":"","jetpack_shortlink":"https:\/\/wp.me\/p3ZwSb-2mC","jetpack_sharing_enabled":true,"jetpack_likes_enabled":true,"_links":{"self":[{"href":"https:\/\/filosofium.evelyne-weissenbach.at\/index.php?rest_route=\/wp\/v2\/posts\/9090","targetHints":{"allow":["GET"]}}],"collection":[{"href":"https:\/\/filosofium.evelyne-weissenbach.at\/index.php?rest_route=\/wp\/v2\/posts"}],"about":[{"href":"https:\/\/filosofium.evelyne-weissenbach.at\/index.php?rest_route=\/wp\/v2\/types\/post"}],"author":[{"embeddable":true,"href":"https:\/\/filosofium.evelyne-weissenbach.at\/index.php?rest_route=\/wp\/v2\/users\/1"}],"replies":[{"embeddable":true,"href":"https:\/\/filosofium.evelyne-weissenbach.at\/index.php?rest_route=%2Fwp%2Fv2%2Fcomments&post=9090"}],"version-history":[{"count":3,"href":"https:\/\/filosofium.evelyne-weissenbach.at\/index.php?rest_route=\/wp\/v2\/posts\/9090\/revisions"}],"predecessor-version":[{"id":9094,"href":"https:\/\/filosofium.evelyne-weissenbach.at\/index.php?rest_route=\/wp\/v2\/posts\/9090\/revisions\/9094"}],"wp:attachment":[{"href":"https:\/\/filosofium.evelyne-weissenbach.at\/index.php?rest_route=%2Fwp%2Fv2%2Fmedia&parent=9090"}],"wp:term":[{"taxonomy":"category","embeddable":true,"href":"https:\/\/filosofium.evelyne-weissenbach.at\/index.php?rest_route=%2Fwp%2Fv2%2Fcategories&post=9090"},{"taxonomy":"post_tag","embeddable":true,"href":"https:\/\/filosofium.evelyne-weissenbach.at\/index.php?rest_route=%2Fwp%2Fv2%2Ftags&post=9090"}],"curies":[{"name":"wp","href":"https:\/\/api.w.org\/{rel}","templated":true}]}}